{"id":355,"date":"2019-03-06T13:20:40","date_gmt":"2019-03-06T13:20:40","guid":{"rendered":"http:\/\/dev.saljpoolen.noordev.se\/historien-om-intenso-teknikrekrytering-9\/"},"modified":"2022-12-14T14:42:06","modified_gmt":"2022-12-14T14:42:06","slug":"har-du-aldersnoja","status":"publish","type":"post","link":"https:\/\/www.intenso.se\/sv\/har-du-aldersnoja","title":{"rendered":"Har du \u00e5ldersnoja?"},"content":{"rendered":"\n<p>Att tala om \u00e5lder vid en rekrytering kan vara ett k\u00e4nsligt och sv\u00e5rt \u00e4mne. Men f\u00f6r tusan. Hur kan det fortfarande vara en s\u00e5 avg\u00f6rande faktor. \u00c4r det inte en f\u00f6rlegad uppfattning om att det skall finnas en \u201d\u00e5ldersgr\u00e4ns\u201d p\u00e5 huruvida man kan klara av en arbetsuppgift? \u00c4r man verkligen \u201dung och hungrig\u201d? Kan man verkligen inte l\u00e4ra \u201dgamla hundar att sitta\u201d?<\/p>\n\n\n\n<blockquote class=\"wp-block-quote has-single-title-color has-text-color is-layout-flow wp-block-quote-is-layout-flow\">\n<p>Rekrytering handlar i grund och botten om att matcha egenskaper och v\u00e4rderingar som st\u00e4mmer \u00f6verens med det behov som finns i organisationen.<\/p>\n<\/blockquote>\n\n\n\n<p>\u00c4r det inte s\u00e5 att vissa erfarenheter inte g\u00e5r att ha om man inte har en l\u00e5ng yrkeskarri\u00e4r bakom sig? Den b\u00e4sta kombinationen borde allts\u00e5 vara livsl\u00e5ng erfarenhet med drivkraft. I min karri\u00e4r som rekryteringskonsult har jag givetvis b\u00e5de m\u00f6tt personer som tappat intresset, stagnerat och likas\u00e5 naiva hungriga personer utan erfarenhet som springer \u00e5t helt fel h\u00e5ll och l\u00e4gger sin energi p\u00e5 fel saker. I slut\u00e4ndan g\u00e5r rekrytering ut p\u00e5 att identifiera om en person \u00e4r r\u00e4tt f\u00f6r jobbet och har den energi som uppgiften kr\u00e4ver. D\u00e5 \u00e4r \u00e5lder n\u00e5got bland det sista en skall l\u00e4gga i beaktning.<\/p>\n\n\n\n<div class=\"wp-block-media-text alignwide has-media-on-the-right is-stacked-on-mobile is-vertically-aligned-center px-1\" style=\"padding-top:0;padding-right:0;padding-bottom:0;padding-left:0;grid-template-columns:auto 32%\"><div class=\"wp-block-media-text__content\">\n<p class=\"px-1\" style=\"margin-top:0;margin-right:0;padding-top:0px;padding-right:0px;padding-bottom:0px;padding-left:0px\">GEA Sweden AB \u00e4r en av v\u00e5ra kunder d\u00e4r vi rekryterat flera personer. I f\u00f6rra \u00e5ret fick vi till uppgift att rekrytera en f\u00f6rs\u00e4ljningsingenj\u00f6r med kompetens inom bryggerin\u00e4ringen. N\u00e5gra av kriterierna f\u00f6r rekryteringen var branscherfarenhet, n\u00e4rliggande teknisk kompetens och s\u00e4ljerfarenhet. Varken jag eller GEA diskuterade \u00e5lder. Helt enkelt eftersom ingen utav oss ens t\u00e4nkte en tanke p\u00e5 att det var en avg\u00f6rande faktor.<\/p>\n<\/div><figure class=\"wp-block-media-text__media\"><img decoding=\"async\" width=\"300\" height=\"319\" src=\"https:\/\/www.intenso.se\/wp-content\/uploads\/2022\/12\/mats-yngve.png\" alt=\"\" class=\"wp-image-2275 size-full\" srcset=\"https:\/\/www.intenso.se\/wp-content\/uploads\/2022\/12\/mats-yngve.png 300w, https:\/\/www.intenso.se\/wp-content\/uploads\/2022\/12\/mats-yngve-282x300.png 282w\" sizes=\"(max-width: 300px) 100vw, 300px\" \/><\/figure><\/div>\n\n\n\n<p><br>GEA anst\u00e4llde ocks\u00e5 Mats Augustsson, idag 57 \u00e5r med gedigen erfarenhet och en mycket passande bakgrund f\u00f6r jobbet.<\/p>\n\n\n\n<p>Med facit p\u00e5 hand blev det en mycket lyckad rekrytering d\u00e4r Mats snabbt kunnat komma in i verksamheten och \u00f6vertr\u00e4ffat m\u00e5len. Tryggve Orderud, f\u00f6rs\u00e4ljningschef p\u00e5 GEA kunde dock med handen p\u00e5 hj\u00e4rtat erk\u00e4nna att han st\u00e4llde sig lite fr\u00e5gande till hur hungrig Mats var. Men samtidigt g\u00e4ller det att se f\u00f6rbi och g\u00e5 emot de f\u00f6rdomar som finns, vara \u00f6ppen f\u00f6r att det finns ett oerh\u00f6rt v\u00e4rde i erfarenhet och att oavsett hur hungrig en person kan vara s\u00e5 kompenserar h\u00f6g fart aldrig fel riktning. Trygves tips till andra \u00e4r att inte vara r\u00e4dda f\u00f6r att rekrytera seniora personer, var \u00f6ppen och v\u00e4rdera deras erfarenhet. S\u00e5ledes \u00e4r det viktigt att rekryteringsarbetet g\u00f6rs grundligt och korrekt. Resultatet skall givetvis leda till att r\u00e4tt person \u00e4r p\u00e5 r\u00e4tt plats.<\/p>\n\n\n\n<p>N\u00e4r vi gjorde rekryteringen f\u00f6r JEFF Electronics AB tr\u00e4ffade jag Lars Modee, idag 60\u00e5r, en herre full av energi och erfarenhet. Helt r\u00e4tt f\u00f6r rollen hos JEFF. Inst\u00e4llningen hos JEFF har alltid varit att rekrytera r\u00e4tt kompetens och har i och med den filosofin flera seniora personer med unik kompetens. Eftersom Lars har den erfarenheten han har s\u00e5 \u00e4r han trygg i sig sj\u00e4lv och \u00e4r v\u00e4l medveten om vad&nbsp;han kan prestera.<\/p>\n\n\n\n<div class=\"wp-block-media-text alignwide has-media-on-the-right is-stacked-on-mobile\" style=\"grid-template-columns:auto 32%\"><div class=\"wp-block-media-text__content\">\n<p>Lars f\u00f6rklarar att han sj\u00e4lvklart \u00e4r v\u00e4l medveten om att det blir sv\u00e5rare f\u00f6r \u00e4ldre personer att hitta jobb. Han har sj\u00e4lv m\u00f6tt dessa f\u00f6rdomar att man inte skulle ha de egenskaper som f\u00f6retaget s\u00f6ker pga \u00e5lder, men man skall aldrig skall lyssna p\u00e5 det. Han anser att man ist\u00e4llet skall l\u00e4gga sin energi och sitt engagemang p\u00e5 f\u00f6retag som ser bortom f\u00f6rdomar och osagda regler.<\/p>\n<\/div><figure class=\"wp-block-media-text__media\"><img decoding=\"async\" width=\"300\" height=\"306\" src=\"https:\/\/www.intenso.se\/wp-content\/uploads\/2022\/12\/lars-modee.png\" alt=\"\" class=\"wp-image-2277 size-full\" srcset=\"https:\/\/www.intenso.se\/wp-content\/uploads\/2022\/12\/lars-modee.png 300w, https:\/\/www.intenso.se\/wp-content\/uploads\/2022\/12\/lars-modee-294x300.png 294w\" sizes=\"(max-width: 300px) 100vw, 300px\" \/><\/figure><\/div>\n\n\n\n<p>&#8211; Jag h\u00e5ller ocks\u00e5 med andra om att yngre personer kanske g\u00e5r att forma mer men \u00e5 andra sidan kan jag forma JEFF mer och p\u00e5verka beslut baserade p\u00e5 min erfarenhet. Se ist\u00e4llet din livserfarenhet som en f\u00f6rdel f\u00f6r dig sj\u00e4lv och den organisation du skall arbeta i.<\/p>\n\n\n\n<p>N\u00e4sta g\u00e5ng det \u00e4r dags att rekrytera och du kommer till fr\u00e5gan om \u00e5lder, hoppa \u00f6ver den. Diskutera ist\u00e4llet vilken niv\u00e5 av erfarenhet som beh\u00f6vs, vad personen f\u00f6rv\u00e4ntas leva upp till och vilka egenskaper som ni v\u00e4rdes\u00e4tter!! Lycka till med er n\u00e4sta rekrytering!!<\/p>\n","protected":false},"excerpt":{"rendered":"<p>Att tala om \u00e5lder vid en rekrytering kan vara ett k\u00e4nsligt och sv\u00e5rt \u00e4mne. Men f\u00f6r tusan. Hur kan det fortfarande vara en s\u00e5 avg\u00f6rande faktor. \u00c4r det inte en f\u00f6rlegad uppfattning om att det skall finnas en \u201d\u00e5ldersgr\u00e4ns\u201d p\u00e5 huruvida man kan klara av en arbetsuppgift? \u00c4r man verkligen \u201dung och hungrig\u201d? Kan man [&hellip;]<\/p>\n","protected":false},"author":5,"featured_media":2258,"comment_status":"open","ping_status":"closed","sticky":false,"template":"","format":"standard","meta":{"footnotes":""},"categories":[20],"tags":[],"class_list":["post-355","post","type-post","status-publish","format-standard","has-post-thumbnail","hentry","category-artiklar"],"featured_image_src":"https:\/\/www.intenso.se\/wp-content\/uploads\/2019\/03\/kunskapsbanken_bg_aldersnoja-300x150.jpg","yoast_head":"<!-- This site is optimized with the Yoast SEO plugin v27.3 - https:\/\/yoast.com\/product\/yoast-seo-wordpress\/ -->\n<title>Har du \u00e5ldersnoja? | Intenso<\/title>\n<meta name=\"robots\" content=\"index, follow, max-snippet:-1, max-image-preview:large, max-video-preview:-1\" \/>\n<link rel=\"canonical\" href=\"https:\/\/www.intenso.se\/sv\/har-du-aldersnoja\" \/>\n<meta property=\"og:locale\" content=\"sv_SE\" \/>\n<meta property=\"og:type\" content=\"article\" \/>\n<meta property=\"og:title\" content=\"Har du \u00e5ldersnoja? | Intenso\" \/>\n<meta property=\"og:description\" content=\"Att tala om \u00e5lder vid en rekrytering kan vara ett k\u00e4nsligt och sv\u00e5rt \u00e4mne. Men f\u00f6r tusan. Hur kan det fortfarande vara en s\u00e5 avg\u00f6rande faktor. \u00c4r det inte en f\u00f6rlegad uppfattning om att det skall finnas en \u201d\u00e5ldersgr\u00e4ns\u201d p\u00e5 huruvida man kan klara av en arbetsuppgift? \u00c4r man verkligen \u201dung och hungrig\u201d? Kan man [&hellip;]\" \/>\n<meta property=\"og:url\" content=\"https:\/\/www.intenso.se\/sv\/har-du-aldersnoja\" \/>\n<meta property=\"og:site_name\" content=\"Intenso\" \/>\n<meta property=\"article:published_time\" content=\"2019-03-06T13:20:40+00:00\" \/>\n<meta property=\"article:modified_time\" content=\"2022-12-14T14:42:06+00:00\" \/>\n<meta property=\"og:image\" content=\"https:\/\/www.intenso.se\/wp-content\/uploads\/2019\/03\/kunskapsbanken_bg_aldersnoja.jpg\" \/>\n\t<meta property=\"og:image:width\" content=\"1500\" \/>\n\t<meta property=\"og:image:height\" content=\"750\" \/>\n\t<meta property=\"og:image:type\" content=\"image\/jpeg\" \/>\n<meta name=\"author\" content=\"Mattias Lyckberg\" \/>\n<meta name=\"twitter:card\" content=\"summary_large_image\" \/>\n<meta name=\"twitter:label1\" content=\"Skriven av\" \/>\n\t<meta name=\"twitter:data1\" content=\"Mattias Lyckberg\" \/>\n\t<meta name=\"twitter:label2\" content=\"Ber\u00e4knad l\u00e4stid\" \/>\n\t<meta name=\"twitter:data2\" content=\"4 minuter\" \/>\n<script type=\"application\/ld+json\" class=\"yoast-schema-graph\">{\"@context\":\"https:\\\/\\\/schema.org\",\"@graph\":[{\"@type\":\"Article\",\"@id\":\"https:\\\/\\\/www.intenso.se\\\/sv\\\/har-du-aldersnoja#article\",\"isPartOf\":{\"@id\":\"https:\\\/\\\/www.intenso.se\\\/sv\\\/har-du-aldersnoja\"},\"author\":{\"name\":\"Mattias Lyckberg\",\"@id\":\"https:\\\/\\\/www.intenso.se\\\/sv#\\\/schema\\\/person\\\/d06927d20048ffe666cfbe8117f9b6bb\"},\"headline\":\"Har du \u00e5ldersnoja?\",\"datePublished\":\"2019-03-06T13:20:40+00:00\",\"dateModified\":\"2022-12-14T14:42:06+00:00\",\"mainEntityOfPage\":{\"@id\":\"https:\\\/\\\/www.intenso.se\\\/sv\\\/har-du-aldersnoja\"},\"wordCount\":727,\"commentCount\":0,\"publisher\":{\"@id\":\"https:\\\/\\\/www.intenso.se\\\/sv#organization\"},\"image\":{\"@id\":\"https:\\\/\\\/www.intenso.se\\\/sv\\\/har-du-aldersnoja#primaryimage\"},\"thumbnailUrl\":\"https:\\\/\\\/www.intenso.se\\\/wp-content\\\/uploads\\\/2019\\\/03\\\/kunskapsbanken_bg_aldersnoja.jpg\",\"articleSection\":[\"Artiklar\"],\"inLanguage\":\"sv-SE\",\"potentialAction\":[{\"@type\":\"CommentAction\",\"name\":\"Comment\",\"target\":[\"https:\\\/\\\/www.intenso.se\\\/sv\\\/har-du-aldersnoja#respond\"]}]},{\"@type\":\"WebPage\",\"@id\":\"https:\\\/\\\/www.intenso.se\\\/sv\\\/har-du-aldersnoja\",\"url\":\"https:\\\/\\\/www.intenso.se\\\/sv\\\/har-du-aldersnoja\",\"name\":\"Har du \u00e5ldersnoja? | Intenso\",\"isPartOf\":{\"@id\":\"https:\\\/\\\/www.intenso.se\\\/sv#website\"},\"primaryImageOfPage\":{\"@id\":\"https:\\\/\\\/www.intenso.se\\\/sv\\\/har-du-aldersnoja#primaryimage\"},\"image\":{\"@id\":\"https:\\\/\\\/www.intenso.se\\\/sv\\\/har-du-aldersnoja#primaryimage\"},\"thumbnailUrl\":\"https:\\\/\\\/www.intenso.se\\\/wp-content\\\/uploads\\\/2019\\\/03\\\/kunskapsbanken_bg_aldersnoja.jpg\",\"datePublished\":\"2019-03-06T13:20:40+00:00\",\"dateModified\":\"2022-12-14T14:42:06+00:00\",\"breadcrumb\":{\"@id\":\"https:\\\/\\\/www.intenso.se\\\/sv\\\/har-du-aldersnoja#breadcrumb\"},\"inLanguage\":\"sv-SE\",\"potentialAction\":[{\"@type\":\"ReadAction\",\"target\":[\"https:\\\/\\\/www.intenso.se\\\/sv\\\/har-du-aldersnoja\"]}]},{\"@type\":\"ImageObject\",\"inLanguage\":\"sv-SE\",\"@id\":\"https:\\\/\\\/www.intenso.se\\\/sv\\\/har-du-aldersnoja#primaryimage\",\"url\":\"https:\\\/\\\/www.intenso.se\\\/wp-content\\\/uploads\\\/2019\\\/03\\\/kunskapsbanken_bg_aldersnoja.jpg\",\"contentUrl\":\"https:\\\/\\\/www.intenso.se\\\/wp-content\\\/uploads\\\/2019\\\/03\\\/kunskapsbanken_bg_aldersnoja.jpg\",\"width\":1500,\"height\":750},{\"@type\":\"BreadcrumbList\",\"@id\":\"https:\\\/\\\/www.intenso.se\\\/sv\\\/har-du-aldersnoja#breadcrumb\",\"itemListElement\":[{\"@type\":\"ListItem\",\"position\":1,\"name\":\"Home\",\"item\":\"https:\\\/\\\/www.intenso.se\\\/sv\"},{\"@type\":\"ListItem\",\"position\":2,\"name\":\"Har du \u00e5ldersnoja?\"}]},{\"@type\":\"WebSite\",\"@id\":\"https:\\\/\\\/www.intenso.se\\\/sv#website\",\"url\":\"https:\\\/\\\/www.intenso.se\\\/sv\",\"name\":\"Intenso\",\"description\":\"Just another WordPress site\",\"publisher\":{\"@id\":\"https:\\\/\\\/www.intenso.se\\\/sv#organization\"},\"potentialAction\":[{\"@type\":\"SearchAction\",\"target\":{\"@type\":\"EntryPoint\",\"urlTemplate\":\"https:\\\/\\\/www.intenso.se\\\/sv?s={search_term_string}\"},\"query-input\":{\"@type\":\"PropertyValueSpecification\",\"valueRequired\":true,\"valueName\":\"search_term_string\"}}],\"inLanguage\":\"sv-SE\"},{\"@type\":\"Organization\",\"@id\":\"https:\\\/\\\/www.intenso.se\\\/sv#organization\",\"name\":\"Intenso\",\"url\":\"https:\\\/\\\/www.intenso.se\\\/sv\",\"logo\":{\"@type\":\"ImageObject\",\"inLanguage\":\"sv-SE\",\"@id\":\"https:\\\/\\\/www.intenso.se\\\/sv#\\\/schema\\\/logo\\\/image\\\/\",\"url\":\"https:\\\/\\\/www.intenso.se\\\/wp-content\\\/uploads\\\/2022\\\/07\\\/Group-29.svg\",\"contentUrl\":\"https:\\\/\\\/www.intenso.se\\\/wp-content\\\/uploads\\\/2022\\\/07\\\/Group-29.svg\",\"caption\":\"Intenso\"},\"image\":{\"@id\":\"https:\\\/\\\/www.intenso.se\\\/sv#\\\/schema\\\/logo\\\/image\\\/\"}},{\"@type\":\"Person\",\"@id\":\"https:\\\/\\\/www.intenso.se\\\/sv#\\\/schema\\\/person\\\/d06927d20048ffe666cfbe8117f9b6bb\",\"name\":\"Mattias Lyckberg\",\"image\":{\"@type\":\"ImageObject\",\"inLanguage\":\"sv-SE\",\"@id\":\"https:\\\/\\\/secure.gravatar.com\\\/avatar\\\/b26161b645d92a884ff692be49095ccf324da09decc4461dfefc3c53c62cf236?s=96&d=mm&r=g\",\"url\":\"https:\\\/\\\/secure.gravatar.com\\\/avatar\\\/b26161b645d92a884ff692be49095ccf324da09decc4461dfefc3c53c62cf236?s=96&d=mm&r=g\",\"contentUrl\":\"https:\\\/\\\/secure.gravatar.com\\\/avatar\\\/b26161b645d92a884ff692be49095ccf324da09decc4461dfefc3c53c62cf236?s=96&d=mm&r=g\",\"caption\":\"Mattias Lyckberg\"},\"url\":\"https:\\\/\\\/www.intenso.se\\\/sv\\\/author\\\/mattias-lyckberg\"}]}<\/script>\n<!-- \/ Yoast SEO plugin. -->","yoast_head_json":{"title":"Har du \u00e5ldersnoja? | Intenso","robots":{"index":"index","follow":"follow","max-snippet":"max-snippet:-1","max-image-preview":"max-image-preview:large","max-video-preview":"max-video-preview:-1"},"canonical":"https:\/\/www.intenso.se\/sv\/har-du-aldersnoja","og_locale":"sv_SE","og_type":"article","og_title":"Har du \u00e5ldersnoja? | Intenso","og_description":"Att tala om \u00e5lder vid en rekrytering kan vara ett k\u00e4nsligt och sv\u00e5rt \u00e4mne. Men f\u00f6r tusan. Hur kan det fortfarande vara en s\u00e5 avg\u00f6rande faktor. \u00c4r det inte en f\u00f6rlegad uppfattning om att det skall finnas en \u201d\u00e5ldersgr\u00e4ns\u201d p\u00e5 huruvida man kan klara av en arbetsuppgift? \u00c4r man verkligen \u201dung och hungrig\u201d? Kan man [&hellip;]","og_url":"https:\/\/www.intenso.se\/sv\/har-du-aldersnoja","og_site_name":"Intenso","article_published_time":"2019-03-06T13:20:40+00:00","article_modified_time":"2022-12-14T14:42:06+00:00","og_image":[{"width":1500,"height":750,"url":"https:\/\/www.intenso.se\/wp-content\/uploads\/2019\/03\/kunskapsbanken_bg_aldersnoja.jpg","type":"image\/jpeg"}],"author":"Mattias Lyckberg","twitter_card":"summary_large_image","twitter_misc":{"Skriven av":"Mattias Lyckberg","Ber\u00e4knad l\u00e4stid":"4 minuter"},"schema":{"@context":"https:\/\/schema.org","@graph":[{"@type":"Article","@id":"https:\/\/www.intenso.se\/sv\/har-du-aldersnoja#article","isPartOf":{"@id":"https:\/\/www.intenso.se\/sv\/har-du-aldersnoja"},"author":{"name":"Mattias Lyckberg","@id":"https:\/\/www.intenso.se\/sv#\/schema\/person\/d06927d20048ffe666cfbe8117f9b6bb"},"headline":"Har du \u00e5ldersnoja?","datePublished":"2019-03-06T13:20:40+00:00","dateModified":"2022-12-14T14:42:06+00:00","mainEntityOfPage":{"@id":"https:\/\/www.intenso.se\/sv\/har-du-aldersnoja"},"wordCount":727,"commentCount":0,"publisher":{"@id":"https:\/\/www.intenso.se\/sv#organization"},"image":{"@id":"https:\/\/www.intenso.se\/sv\/har-du-aldersnoja#primaryimage"},"thumbnailUrl":"https:\/\/www.intenso.se\/wp-content\/uploads\/2019\/03\/kunskapsbanken_bg_aldersnoja.jpg","articleSection":["Artiklar"],"inLanguage":"sv-SE","potentialAction":[{"@type":"CommentAction","name":"Comment","target":["https:\/\/www.intenso.se\/sv\/har-du-aldersnoja#respond"]}]},{"@type":"WebPage","@id":"https:\/\/www.intenso.se\/sv\/har-du-aldersnoja","url":"https:\/\/www.intenso.se\/sv\/har-du-aldersnoja","name":"Har du \u00e5ldersnoja? | Intenso","isPartOf":{"@id":"https:\/\/www.intenso.se\/sv#website"},"primaryImageOfPage":{"@id":"https:\/\/www.intenso.se\/sv\/har-du-aldersnoja#primaryimage"},"image":{"@id":"https:\/\/www.intenso.se\/sv\/har-du-aldersnoja#primaryimage"},"thumbnailUrl":"https:\/\/www.intenso.se\/wp-content\/uploads\/2019\/03\/kunskapsbanken_bg_aldersnoja.jpg","datePublished":"2019-03-06T13:20:40+00:00","dateModified":"2022-12-14T14:42:06+00:00","breadcrumb":{"@id":"https:\/\/www.intenso.se\/sv\/har-du-aldersnoja#breadcrumb"},"inLanguage":"sv-SE","potentialAction":[{"@type":"ReadAction","target":["https:\/\/www.intenso.se\/sv\/har-du-aldersnoja"]}]},{"@type":"ImageObject","inLanguage":"sv-SE","@id":"https:\/\/www.intenso.se\/sv\/har-du-aldersnoja#primaryimage","url":"https:\/\/www.intenso.se\/wp-content\/uploads\/2019\/03\/kunskapsbanken_bg_aldersnoja.jpg","contentUrl":"https:\/\/www.intenso.se\/wp-content\/uploads\/2019\/03\/kunskapsbanken_bg_aldersnoja.jpg","width":1500,"height":750},{"@type":"BreadcrumbList","@id":"https:\/\/www.intenso.se\/sv\/har-du-aldersnoja#breadcrumb","itemListElement":[{"@type":"ListItem","position":1,"name":"Home","item":"https:\/\/www.intenso.se\/sv"},{"@type":"ListItem","position":2,"name":"Har du \u00e5ldersnoja?"}]},{"@type":"WebSite","@id":"https:\/\/www.intenso.se\/sv#website","url":"https:\/\/www.intenso.se\/sv","name":"Intenso","description":"Just another WordPress site","publisher":{"@id":"https:\/\/www.intenso.se\/sv#organization"},"potentialAction":[{"@type":"SearchAction","target":{"@type":"EntryPoint","urlTemplate":"https:\/\/www.intenso.se\/sv?s={search_term_string}"},"query-input":{"@type":"PropertyValueSpecification","valueRequired":true,"valueName":"search_term_string"}}],"inLanguage":"sv-SE"},{"@type":"Organization","@id":"https:\/\/www.intenso.se\/sv#organization","name":"Intenso","url":"https:\/\/www.intenso.se\/sv","logo":{"@type":"ImageObject","inLanguage":"sv-SE","@id":"https:\/\/www.intenso.se\/sv#\/schema\/logo\/image\/","url":"https:\/\/www.intenso.se\/wp-content\/uploads\/2022\/07\/Group-29.svg","contentUrl":"https:\/\/www.intenso.se\/wp-content\/uploads\/2022\/07\/Group-29.svg","caption":"Intenso"},"image":{"@id":"https:\/\/www.intenso.se\/sv#\/schema\/logo\/image\/"}},{"@type":"Person","@id":"https:\/\/www.intenso.se\/sv#\/schema\/person\/d06927d20048ffe666cfbe8117f9b6bb","name":"Mattias Lyckberg","image":{"@type":"ImageObject","inLanguage":"sv-SE","@id":"https:\/\/secure.gravatar.com\/avatar\/b26161b645d92a884ff692be49095ccf324da09decc4461dfefc3c53c62cf236?s=96&d=mm&r=g","url":"https:\/\/secure.gravatar.com\/avatar\/b26161b645d92a884ff692be49095ccf324da09decc4461dfefc3c53c62cf236?s=96&d=mm&r=g","contentUrl":"https:\/\/secure.gravatar.com\/avatar\/b26161b645d92a884ff692be49095ccf324da09decc4461dfefc3c53c62cf236?s=96&d=mm&r=g","caption":"Mattias Lyckberg"},"url":"https:\/\/www.intenso.se\/sv\/author\/mattias-lyckberg"}]}},"_links":{"self":[{"href":"https:\/\/www.intenso.se\/sv\/wp-json\/wp\/v2\/posts\/355","targetHints":{"allow":["GET"]}}],"collection":[{"href":"https:\/\/www.intenso.se\/sv\/wp-json\/wp\/v2\/posts"}],"about":[{"href":"https:\/\/www.intenso.se\/sv\/wp-json\/wp\/v2\/types\/post"}],"author":[{"embeddable":true,"href":"https:\/\/www.intenso.se\/sv\/wp-json\/wp\/v2\/users\/5"}],"replies":[{"embeddable":true,"href":"https:\/\/www.intenso.se\/sv\/wp-json\/wp\/v2\/comments?post=355"}],"version-history":[{"count":8,"href":"https:\/\/www.intenso.se\/sv\/wp-json\/wp\/v2\/posts\/355\/revisions"}],"predecessor-version":[{"id":2282,"href":"https:\/\/www.intenso.se\/sv\/wp-json\/wp\/v2\/posts\/355\/revisions\/2282"}],"wp:featuredmedia":[{"embeddable":true,"href":"https:\/\/www.intenso.se\/sv\/wp-json\/wp\/v2\/media\/2258"}],"wp:attachment":[{"href":"https:\/\/www.intenso.se\/sv\/wp-json\/wp\/v2\/media?parent=355"}],"wp:term":[{"taxonomy":"category","embeddable":true,"href":"https:\/\/www.intenso.se\/sv\/wp-json\/wp\/v2\/categories?post=355"},{"taxonomy":"post_tag","embeddable":true,"href":"https:\/\/www.intenso.se\/sv\/wp-json\/wp\/v2\/tags?post=355"}],"curies":[{"name":"wp","href":"https:\/\/api.w.org\/{rel}","templated":true}]}}