{"id":349,"date":"2022-01-31T16:00:29","date_gmt":"2022-01-31T16:00:29","guid":{"rendered":"http:\/\/dev.saljpoolen.noordev.se\/historien-om-intenso-teknikrekrytering-3\/"},"modified":"2023-03-09T08:40:28","modified_gmt":"2023-03-09T08:40:28","slug":"ny-vd-i-byggbranschen","status":"publish","type":"post","link":"https:\/\/www.intenso.se\/sv\/ny-vd-i-byggbranschen","title":{"rendered":"Ny VD i byggbranschen"},"content":{"rendered":"\n<p>\u00c5sa Pahne tog under 2021 klivet in i byggbranschen och tilltr\u00e4dde som VD p\u00e5 DAB Group, ett av Skandinaviens ledande f\u00f6retag inom t\u00e4tskikt, gjutasfaltbel\u00e4ggningar och betongrenoveringar. Vi p\u00e5 Intenso har f\u00e5tt \u00e4ran att tr\u00e4ffa \u00c5sa, d\u00e4r hon med sina 15 \u00e5r i ledande befattning ber\u00e4ttar om sin syn p\u00e5 VD-skapet och hur hon tillsammans med sin organisation ska axla byggbranschen.<\/p>\n\n\n\n<blockquote class=\"wp-block-quote has-single-title-color has-text-color is-layout-flow wp-block-quote-is-layout-flow\">\n<p><\/p>\n<\/blockquote>\n\n\n\n<div class=\"wp-block-media-text alignwide has-media-on-the-right is-stacked-on-mobile\" style=\"grid-template-columns:auto 30%\"><div class=\"wp-block-media-text__content\">\n<blockquote class=\"wp-block-quote is-layout-flow wp-block-quote-is-layout-flow\">\n<p>Som VD beh\u00f6ver man kunna skapa engagemang hos sina medarbetare och ha ett intresse f\u00f6r hur andra m\u00e4nniskor t\u00e4nker och agerar. Det \u00e4r tillsammans man f\u00e5r ut det b\u00e4sta resultatet.<\/p>\n<cite><em>\u00c5sa Pahne, VD, DAB Group<\/em><\/cite><\/blockquote>\n<\/div><figure class=\"wp-block-media-text__media\"><img decoding=\"async\" width=\"1024\" height=\"1010\" src=\"https:\/\/www.intenso.se\/wp-content\/uploads\/2023\/03\/AP-DabG-1024x1010.png\" alt=\"\" class=\"wp-image-2638 size-full\" srcset=\"https:\/\/www.intenso.se\/wp-content\/uploads\/2023\/03\/AP-DabG-1024x1010.png 1024w, https:\/\/www.intenso.se\/wp-content\/uploads\/2023\/03\/AP-DabG-300x296.png 300w, https:\/\/www.intenso.se\/wp-content\/uploads\/2023\/03\/AP-DabG-768x757.png 768w, https:\/\/www.intenso.se\/wp-content\/uploads\/2023\/03\/AP-DabG-1536x1514.png 1536w, https:\/\/www.intenso.se\/wp-content\/uploads\/2023\/03\/AP-DabG-2048x2019.png 2048w\" sizes=\"(max-width: 1024px) 100vw, 1024px\" \/><\/figure><\/div>\n\n\n\n<p>Hur det kom sig att \u00c5sa Pahne tog steget in i chefskapet fr\u00e5n f\u00f6rsta b\u00f6rjan? Det korta svaret \u00e4r att det helt enkelt&nbsp;bara blev s\u00e5. Hon ber\u00e4ttar att redan tidigt i sin karri\u00e4r uppmuntrades hon av hennes d\u00e5varande chef p\u00e5 Volvo hur pass v\u00e4l hon skulle passa i en chefsposition, n\u00e5got som ledde till att hon ett kort tag d\u00e4refter genomf\u00f6rde en ledarskapsutbildning. En utbildning som blev starten p\u00e5 hennes karri\u00e4r i ledande position d\u00e4r hon vid redan 35 \u00e5rs \u00e5lder fick sin f\u00f6rsta chefsroll.<\/p>\n\n\n\n<p>Steget in i sin f\u00f6rsta VD roll b\u00f6rjade med att \u00c5sa ville ha ett nytt jobb. Att det blev just VD f\u00f6ll p\u00e5 att det d\u00f6k upp en m\u00f6jlighet efter att hon aktivt jobbat med sitt n\u00e4tverk. Efter en kort tids s\u00f6kande och efter att ha dragit i m\u00e5nga kontakter fick \u00c5sa h\u00f6ra i sitt n\u00e4tverk att det fanns en ledande position ledig p\u00e5 ett sp\u00e4nnande f\u00f6retag. Hon blev intresserad, s\u00f6kte och strax d\u00e4refter kunde hon titulera sig som VD.<\/p>\n\n\n\n<p>F\u00f6rutfattade meningar finns om allt, och s\u00e5 \u00e4ven f\u00f6r hur en VD \u00e4r. Enligt \u00c5sa \u00e4r en vanlig uppfattning om en VD att hen \u00e4r en elitistisk person och att hen ser allt f\u00f6r sin egen vinning samt sin egen karri\u00e4r och framg\u00e5ng. Att vara dominant, kontrollerande, sj\u00e4lvcentrerad och styrande kan ha fungerat f\u00f6rr i tiden men fungerar inte l\u00e4ngre. Idag har ledare som \u00e4r inriktade p\u00e5 relationer och som vill inspirera och motivera sina medarbetare och m\u00e4nniskor omkring sig en st\u00f6rre chans att lyckas oavsett vilken bransch man verkar inom.<\/p>\n\n\n\n<p>\u00c5sas erfarenheter av just denna ledarstil \u00e4r n\u00e5got hon nu tagit med in i byggbranschen. En av hennes styrkor \u00e4r att hon tidigare arbetat aktivt med employer branding och haft ett stort fokus p\u00e5 att skapa en attraktiv arbetsplats. En arbetsplats d\u00e4r de anst\u00e4llda trivs leder till m\u00e5nga positiva saker. En engagerad personal p\u00e5verkar hela organisationen genom bland annat \u00f6kad effektivitet, samh\u00f6righet och b\u00e4ttre kundrelationer. F\u00f6r att skapa en attraktiv arbetsplats beh\u00f6ver man som ledare ha ett intresse av att f\u00f6rst\u00e5 hur andra m\u00e4nniskor agerar och beter sig. Genom att f\u00f6rst\u00e5 hur m\u00e4nniskan fungerar f\u00e5r man ut det b\u00e4sta resultatet f\u00f6r sin organisation. Det stora m\u00e4nniskointresset anser \u00c5sa \u00e4r en av hennes styrkor som ledare. Hon tror p\u00e5 m\u00e4nniskan och vad man tillsammans kan \u00e5stadkomma n\u00e4r man blandar olika erfarenheter, tankar och \u00e5sikter.<\/p>\n\n\n\n<p>Tidigt i sin karri\u00e4r som ledare kastades \u00c5sa in i olika f\u00f6r\u00e4ndringsarbeten. Till en b\u00f6rjan f\u00f6rs\u00f6kte hon p\u00e5 egen hand genomf\u00f6ra f\u00f6r\u00e4ndringsarbeten s\u00e5 l\u00e5ngt fram i processen hon kunde innan hon b\u00f6rjade involvera andra. Dock uppt\u00e4ckte hon snabbt att det inte alltid togs emot p\u00e5 s\u00e4ttet hon \u00f6nskade och f\u00f6rstod d\u00e5 vikten av att involvera andra personer tidigt i processen&nbsp;f\u00f6r att f\u00f6r\u00e4ndringar skulle tas emot b\u00e4ttre. Det \u00e4r genom erfarenhet som \u00c5sa vet att organisationsf\u00f6r\u00e4ndringar genomf\u00f6rs mycket mer effektivt och h\u00e5ller ett bra tempo om fler kan vara med p\u00e5 resan. Hon understryker dock att vissa f\u00f6r\u00e4ndringsprocesser kr\u00e4ver konfidentiell hantering och d\u00e5 beh\u00f6vs en annan strategi f\u00f6r n\u00e4r olika parter ska bli involverade.<\/p>\n\n\n\n<p>Idag str\u00e4var \u00c5sa, i den m\u00e5n det g\u00e5r, alltid efter att f\u00e5 sitt team involverade i kommande organisationsf\u00f6r\u00e4ndringar, ju fler personer som vill engagera sig desto b\u00e4ttre och mer effektiv blir organisationen. Att se resultat \u00e4r n\u00e5got som hon \u00e4lskar och det allra b\u00e4sta resultatet f\u00e5r man genom att f\u00f6rena m\u00e4nniskors drivkraft och engagemang. \u00c5sa ser stor potential i byggbranschen n\u00e4r det kommer till att involvera och tillsammans skapa f\u00f6r\u00e4ndring. Just byggbranschen genomsyras av entrepren\u00f6rskap, drivkraften att vilja fram\u00e5t samt det l\u00f6sningsorienterade tankes\u00e4ttet. Egenskaper som \u00e4r en stor f\u00f6rdel i f\u00f6r\u00e4ndringsarbeten.<\/p>\n\n\n\n<blockquote class=\"wp-block-quote has-single-title-color has-text-color is-layout-flow wp-block-quote-is-layout-flow\">\n<p>Att agera mer proaktivt blev den stora f\u00f6r\u00e4ndringen i \u00c5sas ledarskap.<\/p>\n<\/blockquote>\n\n\n\n<p>F\u00f6r\u00e4ndringar kommer alltid att ske, det \u00e4r s\u00e5 man utvecklas och v\u00e4xer. Vissa f\u00f6r\u00e4ndringar \u00e4r planerade och andra uppst\u00e5r utan f\u00f6rvarning. Coronapandemin \u00e4r ett exempel d\u00e4r man tvingat sig till f\u00f6r\u00e4ndringar, b\u00e5de jobbm\u00e4ssiga och p\u00e5 personliga plan. Som ledare kr\u00e4vdes det bland annat att man tog nya st\u00e4llningstaganden kring arbetss\u00e4tt och f\u00f6retagskultur. Men pandemin har samtidigt gett mycket l\u00e4rdom. F\u00f6r \u00c5sa och hennes ledarskap f\u00f6rsv\u00e5rade pandemin f\u00f6r henne i b\u00f6rjan, fr\u00e4mst p\u00e5 grund av den sociala distanseringen. \u00c5sa \u00e4r en person som tycker det \u00e4r viktigt att vara en del av de anst\u00e4llda. Hon har ett genuint intresse av att h\u00f6ra vad som h\u00e4nder p\u00e5 kontoret och vilka eventuella problem som organisationen upplever. Men d\u00e5 allt fler b\u00f6rjade jobba p\u00e5 distans var det i b\u00f6rjan sv\u00e5rt att v\u00e4nja sig vid att inte h\u00f6ra allt i fikarummet eller korridoren, ber\u00e4ttar \u00c5sa. Den \u201dsnabba\u201d informationen var sv\u00e5rare att f\u00e5 tag p\u00e5, men som s\u00e5 mycket annat anpassar man sig och nya arbetss\u00e4tt blir snabbt den vanliga vardagen. Att agera mer proaktivt blev den stora f\u00f6r\u00e4ndringen i \u00c5sas ledarskap. N\u00e4r allt fler sitter p\u00e5 distans beh\u00f6ver man vara mer aktiv med uppf\u00f6ljningar och att ta kontakt med sina anst\u00e4llda f\u00f6r att f\u00e5 h\u00f6ra vad som h\u00e4nder. \u00c5sa ber\u00e4ttar att tiden under pandemin har l\u00e4rt henne att arbeta mer upps\u00f6kande, n\u00e5got som varit till stor f\u00f6rdel i hennes nya tj\u00e4nst, d\u00e5 kontoren och hennes dagliga kontaktytor \u00e4r utspridda b\u00e5de nationellt och internationellt.<\/p>\n\n\n\n<p>Att sitta p\u00e5 en VD-post kan stundtals vara mycket kr\u00e4vande men f\u00f6r att bli en bra ledare kr\u00e4vs ett j\u00e4mt engagemang. D\u00e4remot \u00e4r det viktigt att engagemanget h\u00e5ller en niv\u00e5 d\u00e4r man inte blir f\u00f6r personligt engagerad i jobbet eftersom det d\u00e5 kan b\u00f6rja ta \u00f6ver negativt. Skulle en s\u00e5dan situation uppst\u00e5 f\u00f6rs\u00f6ker \u00c5sa t\u00e4nka tanken \u201ddetta \u00e4r enbart ett jobb\u201d, en tanke som hj\u00e4lper henne att f\u00e5 perspektiv och komma ih\u00e5g att det finns ett liv utanf\u00f6r jobbet som ocks\u00e5 beh\u00f6ver engagemang. \u00c5sa ber\u00e4ttar ocks\u00e5 att man som VD b\u00f6r vara \u00f6ppen med vad som st\u00e5r i \u00e4gardirektivet. Man ska t\u00e4nka p\u00e5 att inte enbart prata om det som r\u00f6r sig inne i huvudet p\u00e5 VD:n utan \u00e4ven f\u00f6rs\u00f6ka t\u00e4nka vad andra vill h\u00f6ra och prata om detta med sina anst\u00e4llda. Genom \u00f6ppenhet och engagemang blir det l\u00e4ttare att leda och visar att man \u00e4r lyh\u00f6rd.<\/p>\n\n\n\n<p>Avslutningsvis fr\u00e5gade vi \u00c5sa vad hon specifikt kommer bidra med nu n\u00e4r hon axlat rollen som VD p\u00e5 DAB Group. Den stora f\u00f6rdelen hon besitter \u00e4r hennes erfarenhet fr\u00e5n IT-branschen, d\u00e4r hon kan bidra med bland annat sin erfarenhet kring de digitala verktygen som kr\u00e4vs f\u00f6r att ta branschen till nya dimensioner. Men \u00e4ven hennes gedigna kunskaper g\u00e4llande aff\u00e4rsplaner, budget och ekonomiuppf\u00f6ljning samt hennes breda n\u00e4tverk och m\u00e5nga \u00e5r av att skapa goda kundrelationer. Hon vill \u00e4ven vara en del av f\u00f6r\u00e4ndringen att skapa j\u00e4mlikhet genom att \u00f6ka antal kvinnor i branschen. H\u00e4r vill hon inspirera och forts\u00e4tta skapa en b\u00e4ttre balans, d\u00e5 m\u00e5nga forskningsrapporter visar att j\u00e4mlika f\u00f6retag leder till b\u00e4ttre resultat och l\u00f6nsamhet.&nbsp;<\/p>\n","protected":false},"excerpt":{"rendered":"<p>\u00c5sa Pahne tog under 2021 klivet in i byggbranschen och tilltr\u00e4dde som VD p\u00e5 DAB Group, ett av Skandinaviens ledande f\u00f6retag inom t\u00e4tskikt, gjutasfaltbel\u00e4ggningar och betongrenoveringar. Vi p\u00e5 Intenso har f\u00e5tt \u00e4ran att tr\u00e4ffa \u00c5sa, d\u00e4r hon med sina 15 \u00e5r i ledande befattning ber\u00e4ttar om sin syn p\u00e5 VD-skapet och hur hon tillsammans med [&hellip;]<\/p>\n","protected":false},"author":5,"featured_media":2252,"comment_status":"open","ping_status":"closed","sticky":false,"template":"","format":"standard","meta":{"footnotes":""},"categories":[20],"tags":[],"class_list":["post-349","post","type-post","status-publish","format-standard","has-post-thumbnail","hentry","category-artiklar"],"featured_image_src":"https:\/\/www.intenso.se\/wp-content\/uploads\/2022\/01\/kunskapsbanken_bg_asa-1-300x150.jpg","yoast_head":"<!-- This site is optimized with the Yoast SEO plugin v27.3 - https:\/\/yoast.com\/product\/yoast-seo-wordpress\/ -->\n<title>Ny VD i byggbranschen | Intenso<\/title>\n<meta name=\"robots\" content=\"index, follow, max-snippet:-1, max-image-preview:large, max-video-preview:-1\" \/>\n<link rel=\"canonical\" href=\"https:\/\/www.intenso.se\/sv\/ny-vd-i-byggbranschen\" \/>\n<meta property=\"og:locale\" content=\"sv_SE\" \/>\n<meta property=\"og:type\" content=\"article\" \/>\n<meta property=\"og:title\" content=\"Ny VD i byggbranschen | Intenso\" \/>\n<meta property=\"og:description\" content=\"\u00c5sa Pahne tog under 2021 klivet in i byggbranschen och tilltr\u00e4dde som VD p\u00e5 DAB Group, ett av Skandinaviens ledande f\u00f6retag inom t\u00e4tskikt, gjutasfaltbel\u00e4ggningar och betongrenoveringar. Vi p\u00e5 Intenso har f\u00e5tt \u00e4ran att tr\u00e4ffa \u00c5sa, d\u00e4r hon med sina 15 \u00e5r i ledande befattning ber\u00e4ttar om sin syn p\u00e5 VD-skapet och hur hon tillsammans med [&hellip;]\" \/>\n<meta property=\"og:url\" content=\"https:\/\/www.intenso.se\/sv\/ny-vd-i-byggbranschen\" \/>\n<meta property=\"og:site_name\" content=\"Intenso\" \/>\n<meta property=\"article:published_time\" content=\"2022-01-31T16:00:29+00:00\" \/>\n<meta property=\"article:modified_time\" content=\"2023-03-09T08:40:28+00:00\" \/>\n<meta property=\"og:image\" content=\"https:\/\/www.intenso.se\/wp-content\/uploads\/2022\/01\/kunskapsbanken_bg_asa-1.jpg\" \/>\n\t<meta property=\"og:image:width\" content=\"1500\" \/>\n\t<meta property=\"og:image:height\" content=\"750\" \/>\n\t<meta property=\"og:image:type\" content=\"image\/jpeg\" \/>\n<meta name=\"author\" content=\"Mattias Lyckberg\" \/>\n<meta name=\"twitter:card\" content=\"summary_large_image\" \/>\n<meta name=\"twitter:label1\" content=\"Skriven av\" \/>\n\t<meta name=\"twitter:data1\" content=\"Mattias Lyckberg\" \/>\n\t<meta name=\"twitter:label2\" content=\"Ber\u00e4knad l\u00e4stid\" \/>\n\t<meta name=\"twitter:data2\" content=\"7 minuter\" \/>\n<script type=\"application\/ld+json\" class=\"yoast-schema-graph\">{\"@context\":\"https:\\\/\\\/schema.org\",\"@graph\":[{\"@type\":\"Article\",\"@id\":\"https:\\\/\\\/www.intenso.se\\\/sv\\\/ny-vd-i-byggbranschen#article\",\"isPartOf\":{\"@id\":\"https:\\\/\\\/www.intenso.se\\\/sv\\\/ny-vd-i-byggbranschen\"},\"author\":{\"name\":\"Mattias Lyckberg\",\"@id\":\"https:\\\/\\\/www.intenso.se\\\/sv#\\\/schema\\\/person\\\/d06927d20048ffe666cfbe8117f9b6bb\"},\"headline\":\"Ny VD i byggbranschen\",\"datePublished\":\"2022-01-31T16:00:29+00:00\",\"dateModified\":\"2023-03-09T08:40:28+00:00\",\"mainEntityOfPage\":{\"@id\":\"https:\\\/\\\/www.intenso.se\\\/sv\\\/ny-vd-i-byggbranschen\"},\"wordCount\":1429,\"commentCount\":0,\"publisher\":{\"@id\":\"https:\\\/\\\/www.intenso.se\\\/sv#organization\"},\"image\":{\"@id\":\"https:\\\/\\\/www.intenso.se\\\/sv\\\/ny-vd-i-byggbranschen#primaryimage\"},\"thumbnailUrl\":\"https:\\\/\\\/www.intenso.se\\\/wp-content\\\/uploads\\\/2022\\\/01\\\/kunskapsbanken_bg_asa-1.jpg\",\"articleSection\":[\"Artiklar\"],\"inLanguage\":\"sv-SE\",\"potentialAction\":[{\"@type\":\"CommentAction\",\"name\":\"Comment\",\"target\":[\"https:\\\/\\\/www.intenso.se\\\/sv\\\/ny-vd-i-byggbranschen#respond\"]}]},{\"@type\":\"WebPage\",\"@id\":\"https:\\\/\\\/www.intenso.se\\\/sv\\\/ny-vd-i-byggbranschen\",\"url\":\"https:\\\/\\\/www.intenso.se\\\/sv\\\/ny-vd-i-byggbranschen\",\"name\":\"Ny VD i byggbranschen | Intenso\",\"isPartOf\":{\"@id\":\"https:\\\/\\\/www.intenso.se\\\/sv#website\"},\"primaryImageOfPage\":{\"@id\":\"https:\\\/\\\/www.intenso.se\\\/sv\\\/ny-vd-i-byggbranschen#primaryimage\"},\"image\":{\"@id\":\"https:\\\/\\\/www.intenso.se\\\/sv\\\/ny-vd-i-byggbranschen#primaryimage\"},\"thumbnailUrl\":\"https:\\\/\\\/www.intenso.se\\\/wp-content\\\/uploads\\\/2022\\\/01\\\/kunskapsbanken_bg_asa-1.jpg\",\"datePublished\":\"2022-01-31T16:00:29+00:00\",\"dateModified\":\"2023-03-09T08:40:28+00:00\",\"breadcrumb\":{\"@id\":\"https:\\\/\\\/www.intenso.se\\\/sv\\\/ny-vd-i-byggbranschen#breadcrumb\"},\"inLanguage\":\"sv-SE\",\"potentialAction\":[{\"@type\":\"ReadAction\",\"target\":[\"https:\\\/\\\/www.intenso.se\\\/sv\\\/ny-vd-i-byggbranschen\"]}]},{\"@type\":\"ImageObject\",\"inLanguage\":\"sv-SE\",\"@id\":\"https:\\\/\\\/www.intenso.se\\\/sv\\\/ny-vd-i-byggbranschen#primaryimage\",\"url\":\"https:\\\/\\\/www.intenso.se\\\/wp-content\\\/uploads\\\/2022\\\/01\\\/kunskapsbanken_bg_asa-1.jpg\",\"contentUrl\":\"https:\\\/\\\/www.intenso.se\\\/wp-content\\\/uploads\\\/2022\\\/01\\\/kunskapsbanken_bg_asa-1.jpg\",\"width\":1500,\"height\":750},{\"@type\":\"BreadcrumbList\",\"@id\":\"https:\\\/\\\/www.intenso.se\\\/sv\\\/ny-vd-i-byggbranschen#breadcrumb\",\"itemListElement\":[{\"@type\":\"ListItem\",\"position\":1,\"name\":\"Home\",\"item\":\"https:\\\/\\\/www.intenso.se\\\/sv\"},{\"@type\":\"ListItem\",\"position\":2,\"name\":\"Ny VD i byggbranschen\"}]},{\"@type\":\"WebSite\",\"@id\":\"https:\\\/\\\/www.intenso.se\\\/sv#website\",\"url\":\"https:\\\/\\\/www.intenso.se\\\/sv\",\"name\":\"Intenso\",\"description\":\"Just another WordPress site\",\"publisher\":{\"@id\":\"https:\\\/\\\/www.intenso.se\\\/sv#organization\"},\"potentialAction\":[{\"@type\":\"SearchAction\",\"target\":{\"@type\":\"EntryPoint\",\"urlTemplate\":\"https:\\\/\\\/www.intenso.se\\\/sv?s={search_term_string}\"},\"query-input\":{\"@type\":\"PropertyValueSpecification\",\"valueRequired\":true,\"valueName\":\"search_term_string\"}}],\"inLanguage\":\"sv-SE\"},{\"@type\":\"Organization\",\"@id\":\"https:\\\/\\\/www.intenso.se\\\/sv#organization\",\"name\":\"Intenso\",\"url\":\"https:\\\/\\\/www.intenso.se\\\/sv\",\"logo\":{\"@type\":\"ImageObject\",\"inLanguage\":\"sv-SE\",\"@id\":\"https:\\\/\\\/www.intenso.se\\\/sv#\\\/schema\\\/logo\\\/image\\\/\",\"url\":\"https:\\\/\\\/www.intenso.se\\\/wp-content\\\/uploads\\\/2022\\\/07\\\/Group-29.svg\",\"contentUrl\":\"https:\\\/\\\/www.intenso.se\\\/wp-content\\\/uploads\\\/2022\\\/07\\\/Group-29.svg\",\"caption\":\"Intenso\"},\"image\":{\"@id\":\"https:\\\/\\\/www.intenso.se\\\/sv#\\\/schema\\\/logo\\\/image\\\/\"}},{\"@type\":\"Person\",\"@id\":\"https:\\\/\\\/www.intenso.se\\\/sv#\\\/schema\\\/person\\\/d06927d20048ffe666cfbe8117f9b6bb\",\"name\":\"Mattias Lyckberg\",\"image\":{\"@type\":\"ImageObject\",\"inLanguage\":\"sv-SE\",\"@id\":\"https:\\\/\\\/secure.gravatar.com\\\/avatar\\\/b26161b645d92a884ff692be49095ccf324da09decc4461dfefc3c53c62cf236?s=96&d=mm&r=g\",\"url\":\"https:\\\/\\\/secure.gravatar.com\\\/avatar\\\/b26161b645d92a884ff692be49095ccf324da09decc4461dfefc3c53c62cf236?s=96&d=mm&r=g\",\"contentUrl\":\"https:\\\/\\\/secure.gravatar.com\\\/avatar\\\/b26161b645d92a884ff692be49095ccf324da09decc4461dfefc3c53c62cf236?s=96&d=mm&r=g\",\"caption\":\"Mattias Lyckberg\"},\"url\":\"https:\\\/\\\/www.intenso.se\\\/sv\\\/author\\\/mattias-lyckberg\"}]}<\/script>\n<!-- \/ Yoast SEO plugin. -->","yoast_head_json":{"title":"Ny VD i byggbranschen | Intenso","robots":{"index":"index","follow":"follow","max-snippet":"max-snippet:-1","max-image-preview":"max-image-preview:large","max-video-preview":"max-video-preview:-1"},"canonical":"https:\/\/www.intenso.se\/sv\/ny-vd-i-byggbranschen","og_locale":"sv_SE","og_type":"article","og_title":"Ny VD i byggbranschen | Intenso","og_description":"\u00c5sa Pahne tog under 2021 klivet in i byggbranschen och tilltr\u00e4dde som VD p\u00e5 DAB Group, ett av Skandinaviens ledande f\u00f6retag inom t\u00e4tskikt, gjutasfaltbel\u00e4ggningar och betongrenoveringar. Vi p\u00e5 Intenso har f\u00e5tt \u00e4ran att tr\u00e4ffa \u00c5sa, d\u00e4r hon med sina 15 \u00e5r i ledande befattning ber\u00e4ttar om sin syn p\u00e5 VD-skapet och hur hon tillsammans med [&hellip;]","og_url":"https:\/\/www.intenso.se\/sv\/ny-vd-i-byggbranschen","og_site_name":"Intenso","article_published_time":"2022-01-31T16:00:29+00:00","article_modified_time":"2023-03-09T08:40:28+00:00","og_image":[{"width":1500,"height":750,"url":"https:\/\/www.intenso.se\/wp-content\/uploads\/2022\/01\/kunskapsbanken_bg_asa-1.jpg","type":"image\/jpeg"}],"author":"Mattias Lyckberg","twitter_card":"summary_large_image","twitter_misc":{"Skriven av":"Mattias Lyckberg","Ber\u00e4knad l\u00e4stid":"7 minuter"},"schema":{"@context":"https:\/\/schema.org","@graph":[{"@type":"Article","@id":"https:\/\/www.intenso.se\/sv\/ny-vd-i-byggbranschen#article","isPartOf":{"@id":"https:\/\/www.intenso.se\/sv\/ny-vd-i-byggbranschen"},"author":{"name":"Mattias Lyckberg","@id":"https:\/\/www.intenso.se\/sv#\/schema\/person\/d06927d20048ffe666cfbe8117f9b6bb"},"headline":"Ny VD i byggbranschen","datePublished":"2022-01-31T16:00:29+00:00","dateModified":"2023-03-09T08:40:28+00:00","mainEntityOfPage":{"@id":"https:\/\/www.intenso.se\/sv\/ny-vd-i-byggbranschen"},"wordCount":1429,"commentCount":0,"publisher":{"@id":"https:\/\/www.intenso.se\/sv#organization"},"image":{"@id":"https:\/\/www.intenso.se\/sv\/ny-vd-i-byggbranschen#primaryimage"},"thumbnailUrl":"https:\/\/www.intenso.se\/wp-content\/uploads\/2022\/01\/kunskapsbanken_bg_asa-1.jpg","articleSection":["Artiklar"],"inLanguage":"sv-SE","potentialAction":[{"@type":"CommentAction","name":"Comment","target":["https:\/\/www.intenso.se\/sv\/ny-vd-i-byggbranschen#respond"]}]},{"@type":"WebPage","@id":"https:\/\/www.intenso.se\/sv\/ny-vd-i-byggbranschen","url":"https:\/\/www.intenso.se\/sv\/ny-vd-i-byggbranschen","name":"Ny VD i byggbranschen | Intenso","isPartOf":{"@id":"https:\/\/www.intenso.se\/sv#website"},"primaryImageOfPage":{"@id":"https:\/\/www.intenso.se\/sv\/ny-vd-i-byggbranschen#primaryimage"},"image":{"@id":"https:\/\/www.intenso.se\/sv\/ny-vd-i-byggbranschen#primaryimage"},"thumbnailUrl":"https:\/\/www.intenso.se\/wp-content\/uploads\/2022\/01\/kunskapsbanken_bg_asa-1.jpg","datePublished":"2022-01-31T16:00:29+00:00","dateModified":"2023-03-09T08:40:28+00:00","breadcrumb":{"@id":"https:\/\/www.intenso.se\/sv\/ny-vd-i-byggbranschen#breadcrumb"},"inLanguage":"sv-SE","potentialAction":[{"@type":"ReadAction","target":["https:\/\/www.intenso.se\/sv\/ny-vd-i-byggbranschen"]}]},{"@type":"ImageObject","inLanguage":"sv-SE","@id":"https:\/\/www.intenso.se\/sv\/ny-vd-i-byggbranschen#primaryimage","url":"https:\/\/www.intenso.se\/wp-content\/uploads\/2022\/01\/kunskapsbanken_bg_asa-1.jpg","contentUrl":"https:\/\/www.intenso.se\/wp-content\/uploads\/2022\/01\/kunskapsbanken_bg_asa-1.jpg","width":1500,"height":750},{"@type":"BreadcrumbList","@id":"https:\/\/www.intenso.se\/sv\/ny-vd-i-byggbranschen#breadcrumb","itemListElement":[{"@type":"ListItem","position":1,"name":"Home","item":"https:\/\/www.intenso.se\/sv"},{"@type":"ListItem","position":2,"name":"Ny VD i byggbranschen"}]},{"@type":"WebSite","@id":"https:\/\/www.intenso.se\/sv#website","url":"https:\/\/www.intenso.se\/sv","name":"Intenso","description":"Just another WordPress site","publisher":{"@id":"https:\/\/www.intenso.se\/sv#organization"},"potentialAction":[{"@type":"SearchAction","target":{"@type":"EntryPoint","urlTemplate":"https:\/\/www.intenso.se\/sv?s={search_term_string}"},"query-input":{"@type":"PropertyValueSpecification","valueRequired":true,"valueName":"search_term_string"}}],"inLanguage":"sv-SE"},{"@type":"Organization","@id":"https:\/\/www.intenso.se\/sv#organization","name":"Intenso","url":"https:\/\/www.intenso.se\/sv","logo":{"@type":"ImageObject","inLanguage":"sv-SE","@id":"https:\/\/www.intenso.se\/sv#\/schema\/logo\/image\/","url":"https:\/\/www.intenso.se\/wp-content\/uploads\/2022\/07\/Group-29.svg","contentUrl":"https:\/\/www.intenso.se\/wp-content\/uploads\/2022\/07\/Group-29.svg","caption":"Intenso"},"image":{"@id":"https:\/\/www.intenso.se\/sv#\/schema\/logo\/image\/"}},{"@type":"Person","@id":"https:\/\/www.intenso.se\/sv#\/schema\/person\/d06927d20048ffe666cfbe8117f9b6bb","name":"Mattias Lyckberg","image":{"@type":"ImageObject","inLanguage":"sv-SE","@id":"https:\/\/secure.gravatar.com\/avatar\/b26161b645d92a884ff692be49095ccf324da09decc4461dfefc3c53c62cf236?s=96&d=mm&r=g","url":"https:\/\/secure.gravatar.com\/avatar\/b26161b645d92a884ff692be49095ccf324da09decc4461dfefc3c53c62cf236?s=96&d=mm&r=g","contentUrl":"https:\/\/secure.gravatar.com\/avatar\/b26161b645d92a884ff692be49095ccf324da09decc4461dfefc3c53c62cf236?s=96&d=mm&r=g","caption":"Mattias Lyckberg"},"url":"https:\/\/www.intenso.se\/sv\/author\/mattias-lyckberg"}]}},"_links":{"self":[{"href":"https:\/\/www.intenso.se\/sv\/wp-json\/wp\/v2\/posts\/349","targetHints":{"allow":["GET"]}}],"collection":[{"href":"https:\/\/www.intenso.se\/sv\/wp-json\/wp\/v2\/posts"}],"about":[{"href":"https:\/\/www.intenso.se\/sv\/wp-json\/wp\/v2\/types\/post"}],"author":[{"embeddable":true,"href":"https:\/\/www.intenso.se\/sv\/wp-json\/wp\/v2\/users\/5"}],"replies":[{"embeddable":true,"href":"https:\/\/www.intenso.se\/sv\/wp-json\/wp\/v2\/comments?post=349"}],"version-history":[{"count":17,"href":"https:\/\/www.intenso.se\/sv\/wp-json\/wp\/v2\/posts\/349\/revisions"}],"predecessor-version":[{"id":2639,"href":"https:\/\/www.intenso.se\/sv\/wp-json\/wp\/v2\/posts\/349\/revisions\/2639"}],"wp:featuredmedia":[{"embeddable":true,"href":"https:\/\/www.intenso.se\/sv\/wp-json\/wp\/v2\/media\/2252"}],"wp:attachment":[{"href":"https:\/\/www.intenso.se\/sv\/wp-json\/wp\/v2\/media?parent=349"}],"wp:term":[{"taxonomy":"category","embeddable":true,"href":"https:\/\/www.intenso.se\/sv\/wp-json\/wp\/v2\/categories?post=349"},{"taxonomy":"post_tag","embeddable":true,"href":"https:\/\/www.intenso.se\/sv\/wp-json\/wp\/v2\/tags?post=349"}],"curies":[{"name":"wp","href":"https:\/\/api.w.org\/{rel}","templated":true}]}}